{"id":227327,"date":"2022-01-19T12:28:52","date_gmt":"2022-01-19T11:28:52","guid":{"rendered":"https:\/\/pollmann.de\/?p=227327"},"modified":"2022-01-19T12:28:52","modified_gmt":"2022-01-19T11:28:52","slug":"mitarbeiter-feiern-140-jahre-pollmann-sohn","status":"publish","type":"post","link":"https:\/\/pollmann.de\/de_de\/mitarbeiter-feiern-140-jahre-pollmann-sohn\/","title":{"rendered":"Mitarbeiter feiern 140 Jahre Pollmann &#038; Sohn"},"content":{"rendered":"<p><img loading=\"lazy\" decoding=\"async\" class=\"alignnone wp-image-227321\" src=\"https:\/\/pollmann.de\/wp-content\/uploads\/2022\/01\/140-Jahre-Pollmann-Kopie.jpg\" alt=\"\" width=\"266\" height=\"266\" \/><\/p>\n<p>Am vergangenen Freitag Abend zeigte sich der Hof der Fa. Pollmann &amp; Sohn von einer v\u00f6llig anderen Seite. Wo sonst LKWs Stahl anliefern oder Gitterboxen voller Beschl\u00e4ge an den Verzinker \u00fcbergeben werden stand nun ein gro\u00dfes Festzelt, eingerahmt von verschiedenen Unterhaltungsstationen, eingetaucht in stimmungsvolles Licht.<\/p>\n<p>Anl\u00e4sslich des 140. Firmenjubil\u00e4ums hatte die Unternehmensleitung die 45 Mitarbeiter umfassende Belegschaft mit Partnern und Kindern zu einem zwanglosen Fest unter dem Motto \u201eGemeinsam verbindet\u201c auf das eigene Gel\u00e4nde in Kierspe-Vollme eingeladen.<\/p>\n<p>Da viele Mitarbeiter aufgrund ihrer langj\u00e4hrigen Betriebszugeh\u00f6rigkeit schon das eine oder andere Jubil\u00e4um miterlebt haben und der Spa\u00df an diesem Abend im Vordergrund stehen sollte, verzichtete Gesch\u00e4ftsf\u00fchrerin Frauke Brader-Vollmerhaus auf eine lange Rede und \u00fcbergab nach ihrer Begr\u00fc\u00dfung schon bald das Mikrophon.<\/p>\n<p>Unter der Leitung des Percussionist Peter Schaupp verwandelten sich die G\u00e4ste, ausgestattet mit Boomwhackers genannten Kunststoffrohren unterschiedlicher L\u00e4nge und Farbe in ein Orchester, das erstaunlich rhythmusfest war. Anschlie\u00dfend ging es gutgelaunt und hungrig zur St\u00e4rkung an das Grillbuffet.<\/p>\n<p>Im Laufe des weiteren Abends wurde beim Zusammenbau einer gro\u00dfen 140 aus Holz das handwerkliche Geschick der Mitarbeiter auf die Probe gestellt. Die Puzzleteile wurden mit Holzverbindern aus der eigenen Fertigung zusammengef\u00fcgt und anschlie\u00dfend mit weiteren Artikeln aus dem eigenen Lagerprogramm best\u00fcckt. Die fertige Skulptur fand noch am selben Abend ihren Platz vor dem Eingang.<\/p>\n<p>Um Pr\u00e4zision und Geschick ging es auch beim n\u00e4chtlichen Bogenschie\u00dfen. Beim Teamschie\u00dfen wurde regelrecht sportlicher Ehrgeiz geweckt, der beim Zielen auf Luftballons seinen H\u00f6hepunkt fand.<\/p>\n<p>\u201eDas Feedback der Mitarbeiter war durchweg positiv. Es war ein gelungenes Fest und hat gezeigt, wie gut die Pollm\u00e4nner und \u2013frauen an einem Strang ziehen. In einem Familienunternehmen unserer Gr\u00f6\u00dfe ist es sch\u00f6n, wenn man sich privat auch etwas kennt und dazu hat die Veranstaltung noch einmal beigetragen\u201c so zieht Frauke Brader Res\u00fcm\u00e9e. \u201eJetzt m\u00fcssen wir uns wieder ordentlich ran halten, damit wir die 150 auch noch schaffen\u201c.<\/p>\n<p><strong>CHRONIK<\/strong><\/p>\n<table style=\"height: 1116px;\" border=\"1\" width=\"675\">\n<tbody>\n<tr>\n<td width=\"42\">1878<\/td>\n<td width=\"463\">Wilhelm Pollmann beginnt in Belkenscheid mit der Produktion von Schl\u00f6ssern.<\/td>\n<\/tr>\n<tr>\n<td width=\"42\">1900<\/td>\n<td width=\"463\">entsteht das erste Firmengeb\u00e4ude an dem heutigen Standort. Von einem in Konkurs geratenen Unternehmen in L\u00fcdenscheid werden Maschinen und Produktion \u00fcbernommen. Ab jetzt werden bei Pollmann \u201eGeh\u00e4nge\u201c hergestellt.<\/td>\n<\/tr>\n<tr>\n<td width=\"42\">1912<\/td>\n<td width=\"463\">Sohn Friedrich-Wilhelm Pollmann tritt in die Gesch\u00e4ftsleitung ein, nachdem er in verschiedenen in- und ausl\u00e4ndischen Unternehmen Erfahrungen gesammelt hat. Das Unternehmen firmiert nun unter Pollmann &amp; Sohn.<\/td>\n<\/tr>\n<tr>\n<td width=\"42\">1935<\/td>\n<td width=\"463\">Nach dem Tod Fr.-Wilhelms \u00fcbernehmen sein Sohn Hans-Peter, der im 2. Weltkrieg fiel, und sein Schwager J\u00f6rgen Ebbinghaus die Gesch\u00e4ftsleitung.<\/td>\n<\/tr>\n<tr>\n<td width=\"42\">1955<\/td>\n<td width=\"463\">Erwin Gembruch, der 1929 als Lehrling angefangen hatte, erh\u00e4lt Prokura.<\/td>\n<\/tr>\n<tr>\n<td width=\"42\">1958<\/td>\n<td width=\"463\">Gr\u00fcndung des Werkschores<\/td>\n<\/tr>\n<tr>\n<td width=\"42\">1961<\/td>\n<td width=\"463\">J\u00f6rgen Ebbinghaus scheidet aus Altersgr\u00fcnden aus. Lotte Brader, Enkelin des Gr\u00fcnders, \u00fcbernimmt die Gesch\u00e4ftsf\u00fchrung.<\/td>\n<\/tr>\n<tr>\n<td width=\"42\">1964<\/td>\n<td width=\"463\">Michael Brader, seit 1961 im Unternehmen, wird neben seiner Mutter Gesch\u00e4ftsf\u00fchrer. Stetige Erweiterung des Produktprogramms und der Geb\u00e4ude<\/td>\n<\/tr>\n<tr>\n<td width=\"42\">1994<\/td>\n<td width=\"463\">Fertigstellung der Lagerhalle<\/td>\n<\/tr>\n<tr>\n<td width=\"42\">1996<\/td>\n<td width=\"463\">Erwin Gembruch geht nach 67j\u00e4hriger Firmenzugeh\u00f6rigkeit in den Ruhestand<\/td>\n<\/tr>\n<tr>\n<td width=\"42\">2002<\/td>\n<td width=\"463\">Lotte Brader tritt als Gesch\u00e4ftsf\u00fchrerin zur\u00fcck und \u00fcberl\u00e4sst ihren Platz ihrer Enkelin Frauke Brader-Vollmerhaus.<\/td>\n<\/tr>\n<\/tbody>\n<\/table>\n<p>&nbsp;<\/p>\n<p><strong>Produkte<\/strong><\/p>\n<ul>\n<li>Verbinder f\u00fcr den konstruktiven Holzbau<\/li>\n<li>Torbeschl\u00e4ge \u2013 vom Scheunentor bis zum Gartenzaun<\/li>\n<li>Fensterladenbeschl\u00e4ge<\/li>\n<li>Kleineisenwaren<\/li>\n<\/ul>\n<p><strong>Kunden<\/strong><\/p>\n<ul>\n<li>Fachhandel<\/li>\n<li>Gro\u00dfh\u00e4ndler<\/li>\n<li>Industriekunden<\/li>\n<li>Onlinehandel<\/li>\n<li>In Kierspe vertreiben der Hagebau (unter der Marke Connex) und Willi Clever Pollmann Artikel<\/li>\n<\/ul>\n","protected":false},"excerpt":{"rendered":"<p>Am vergangenen Freitag Abend zeigte sich der Hof der Fa. Pollmann &amp; Sohn von einer v\u00f6llig anderen Seite. Wo sonst LKWs Stahl anliefern oder Gitterboxen voller Beschl\u00e4ge an den Verzinker \u00fcbergeben werden stand nun ein gro\u00dfes Festzelt, eingerahmt von verschiedenen Unterhaltungsstationen, eingetaucht in stimmungsvolles Licht. Anl\u00e4sslich des 140. Firmenjubil\u00e4ums hatte die Unternehmensleitung die 45 Mitarbeiter [&hellip;]<\/p>\n","protected":false},"author":1,"featured_media":227321,"comment_status":"closed","ping_status":"closed","sticky":false,"template":"","format":"standard","meta":{"_acf_changed":false,"_et_pb_use_builder":"","_et_pb_old_content":"","_et_gb_content_width":"","footnotes":""},"categories":[47],"tags":[],"dipi_cpt_category":[],"class_list":["post-227327","post","type-post","status-publish","format-standard","has-post-thumbnail","hentry","category-pollmann-news"],"acf":[],"_links":{"self":[{"href":"https:\/\/pollmann.de\/de_de\/wp-json\/wp\/v2\/posts\/227327","targetHints":{"allow":["GET"]}}],"collection":[{"href":"https:\/\/pollmann.de\/de_de\/wp-json\/wp\/v2\/posts"}],"about":[{"href":"https:\/\/pollmann.de\/de_de\/wp-json\/wp\/v2\/types\/post"}],"author":[{"embeddable":true,"href":"https:\/\/pollmann.de\/de_de\/wp-json\/wp\/v2\/users\/1"}],"replies":[{"embeddable":true,"href":"https:\/\/pollmann.de\/de_de\/wp-json\/wp\/v2\/comments?post=227327"}],"version-history":[{"count":0,"href":"https:\/\/pollmann.de\/de_de\/wp-json\/wp\/v2\/posts\/227327\/revisions"}],"wp:featuredmedia":[{"embeddable":true,"href":"https:\/\/pollmann.de\/de_de\/wp-json\/wp\/v2\/media\/227321"}],"wp:attachment":[{"href":"https:\/\/pollmann.de\/de_de\/wp-json\/wp\/v2\/media?parent=227327"}],"wp:term":[{"taxonomy":"category","embeddable":true,"href":"https:\/\/pollmann.de\/de_de\/wp-json\/wp\/v2\/categories?post=227327"},{"taxonomy":"post_tag","embeddable":true,"href":"https:\/\/pollmann.de\/de_de\/wp-json\/wp\/v2\/tags?post=227327"},{"taxonomy":"dipi_cpt_category","embeddable":true,"href":"https:\/\/pollmann.de\/de_de\/wp-json\/wp\/v2\/dipi_cpt_category?post=227327"}],"curies":[{"name":"wp","href":"https:\/\/api.w.org\/{rel}","templated":true}]}}